{"id":286,"date":"2020-05-17T13:08:24","date_gmt":"2020-05-17T13:08:24","guid":{"rendered":"https:\/\/miners.rocks\/?p=286"},"modified":"2022-03-10T09:42:24","modified_gmt":"2022-03-10T09:42:24","slug":"wulfen-francois-xavier-de-baron-francois-xavier-de-wulfen","status":"publish","type":"post","link":"https:\/\/westgem.shop\/fr\/non-categorise\/wulfen-francois-xavier-de-baron-francois-xavier-de-wulfen-2\/","title":{"rendered":"Wulfen, Fran\u00e7ois Xavier de Baron Fran\u00e7ois Xavier de Wulfen"},"content":{"rendered":"<p>* 5.11.1728 Belgrade ; + 17.3.1805, Klagenfurt<\/p>\n\n\n\n<p>Il \u00e9tait un th\u00e9ologien, philosophe et naturaliste autrichien.<\/p>\n\n\n\n<p>N\u00e9 \u00e0 Belgrade, fils du feld-mar\u00e9chal-lieutenant Christian Friedrich von Wulfenwurder.<\/p>\n\n\n\n<p>Il a re\u00e7u sa premi\u00e8re formation \u00e0 Kaschau (alors en Hongrie) et a rejoint l'ordre des j\u00e9suites en 1745.<\/p>\n\n\n\n<p>Il a \u00e9tudi\u00e9 la philosophie, les math\u00e9matiques et la th\u00e9ologie.<\/p>\n\n\n\n<p>Il a commenc\u00e9 \u00e0 enseigner en 1755.<\/p>\n\n\n\n<p>En 1773, il se consacre \u00e0 la recherche scientifique, en particulier \u00e0 la botanique et \u00e0 la min\u00e9ralogie.<\/p>\n\n\n\n<p>En 1799 et 1800, Wulfen a particip\u00e9 \u00e0 l'exp\u00e9dition du prince-\u00e9v\u00eaque Salm pour la premi\u00e8re ascension du Grossglockner.<\/p>\n\n\n\n<p>Les Alpes orientales \u00e9taient son principal terrain d'exploration,<\/p>\n\n\n\n<p>En 1841, le minerai de plomb jaune a \u00e9t\u00e9 appel\u00e9 wulf\u00e9nite en son honneur.<\/p>\n\n\n\n<p>Wulfen \u00e9tait membre des acad\u00e9mies ou soci\u00e9t\u00e9s scientifiques de Berlin, Erlangen, I\u00e9na, G\u00f6ttingen, Klagenfurt et Stockholm.<\/p>","protected":false},"excerpt":{"rendered":"<p>* 5.11.1728 Belgrade ; + 17.3.1805, Klagenfurt Il \u00e9tait un th\u00e9ologien, philosophe et naturaliste autrichien. Il est n\u00e9 \u00e0 Belgrade, fils du lieutenant de mar\u00e9chal Christian Friedrich von Wulfenwurder. Il re\u00e7ut sa premi\u00e8re \u00e9ducation \u00e0 Kaschau (alors en Hongrie) et rejoignit l'ordre des j\u00e9suites en 1745. Il \u00e9tudia la philosophie, les math\u00e9matiques et la th\u00e9ologie. A partir de 1755, il a travaill\u00e9 comme enseignant. En 1773, il consacre [...].<\/p>","protected":false},"author":1,"featured_media":0,"comment_status":"closed","ping_status":"closed","sticky":false,"template":"","format":"standard","meta":{"_acf_changed":false,"_breakdance_hide_in_design_set":false,"_breakdance_tags":"","footnotes":""},"categories":[1],"tags":[],"class_list":["post-286","post","type-post","status-publish","format-standard","hentry","category-unkategorisiert"],"acf":[],"_links":{"self":[{"href":"https:\/\/westgem.shop\/fr\/wp-json\/wp\/v2\/posts\/286","targetHints":{"allow":["GET"]}}],"collection":[{"href":"https:\/\/westgem.shop\/fr\/wp-json\/wp\/v2\/posts"}],"about":[{"href":"https:\/\/westgem.shop\/fr\/wp-json\/wp\/v2\/types\/post"}],"author":[{"embeddable":true,"href":"https:\/\/westgem.shop\/fr\/wp-json\/wp\/v2\/users\/1"}],"replies":[{"embeddable":true,"href":"https:\/\/westgem.shop\/fr\/wp-json\/wp\/v2\/comments?post=286"}],"version-history":[{"count":0,"href":"https:\/\/westgem.shop\/fr\/wp-json\/wp\/v2\/posts\/286\/revisions"}],"wp:attachment":[{"href":"https:\/\/westgem.shop\/fr\/wp-json\/wp\/v2\/media?parent=286"}],"wp:term":[{"taxonomy":"category","embeddable":true,"href":"https:\/\/westgem.shop\/fr\/wp-json\/wp\/v2\/categories?post=286"},{"taxonomy":"post_tag","embeddable":true,"href":"https:\/\/westgem.shop\/fr\/wp-json\/wp\/v2\/tags?post=286"}],"curies":[{"name":"wp","href":"https:\/\/api.w.org\/{rel}","templated":true}]}}