{"id":288,"date":"2020-05-17T13:10:55","date_gmt":"2020-05-17T13:10:55","guid":{"rendered":"https:\/\/miners.rocks\/?p=288"},"modified":"2022-03-10T09:42:24","modified_gmt":"2022-03-10T09:42:24","slug":"sigmund-zois-von-edelstein","status":"publish","type":"post","link":"https:\/\/westgem.shop\/fr\/non-categorise\/sigmund-zois-von-edelstein_288\/","title":{"rendered":"Sigmund Zois von Edelstein"},"content":{"rendered":"<p>novembre 1747 Trieste ; \u2020 10 novembre 1819 Ljubljana<\/p>\n\n\n\n<p>S'appuyant sur ses connaissances g\u00e9ologiques, Zois est intervenu dans le conflit entre les neptunistes et les volcanistes. Ils n'\u00e9taient pas d'accord sur la formation des montagnes.<\/p>\n\n\n\n<p>Gr\u00e2ce aux fossiles qu'il a trouv\u00e9s, il a d\u00e9montr\u00e9 que le Triglav se construit \u00e0 partir de calcaire issu de d\u00e9p\u00f4ts marins,<\/p>\n\n\n\n<p>Sa collection de min\u00e9raux est devenue la pierre angulaire du Mus\u00e9e national de Carniole \u00e0 Ljubljana, fond\u00e9 en 1821 et solennellement inaugur\u00e9 en 1831 ; aujourd'hui, la collection est expos\u00e9e au Mus\u00e9e d'histoire naturelle de Slov\u00e9nie.<\/p>\n\n\n\n<p>Au tournant du si\u00e8cle (1805), Zois a envoy\u00e9 deux chercheurs de min\u00e9raux sur la Saualpe. La saualpite qu'il a nomm\u00e9e fut ensuite appel\u00e9e zo\u00efsite en son honneur.<\/p>\n\n\n\n<p>dans le duch\u00e9 voisin de Carinthie ; c'est de l\u00e0 que Simon Pre\u0161ern lui a apport\u00e9 en 1805 le min\u00e9ral appel\u00e9 saualpit par Zois et qui n'\u00e9tait pas connu jusqu'alors ; plus tard, il a \u00e9t\u00e9 appel\u00e9 zo\u00efsite en l'honneur de Zois.<\/p>","protected":false},"excerpt":{"rendered":"<p>novembre 1747 Trieste ; \u2020 10 novembre 1819 Ljubljana S'appuyant sur ses connaissances g\u00e9ologiques, Zois est intervenu dans le conflit entre les neptunistes et les volcanistes. Ces derniers \u00e9taient en d\u00e9saccord sur la formation des montagnes. Gr\u00e2ce aux fossiles qu'il a trouv\u00e9s, il a d\u00e9montr\u00e9 que le Triglav est constitu\u00e9 de calcaire issu de d\u00e9p\u00f4ts marins. Sa collection de min\u00e9raux est devenue la pierre angulaire du [...].<\/p>","protected":false},"author":1,"featured_media":0,"comment_status":"closed","ping_status":"closed","sticky":false,"template":"","format":"standard","meta":{"_acf_changed":false,"_breakdance_hide_in_design_set":false,"_breakdance_tags":"","footnotes":""},"categories":[1],"tags":[],"class_list":["post-288","post","type-post","status-publish","format-standard","hentry","category-unkategorisiert"],"acf":[],"_links":{"self":[{"href":"https:\/\/westgem.shop\/fr\/wp-json\/wp\/v2\/posts\/288","targetHints":{"allow":["GET"]}}],"collection":[{"href":"https:\/\/westgem.shop\/fr\/wp-json\/wp\/v2\/posts"}],"about":[{"href":"https:\/\/westgem.shop\/fr\/wp-json\/wp\/v2\/types\/post"}],"author":[{"embeddable":true,"href":"https:\/\/westgem.shop\/fr\/wp-json\/wp\/v2\/users\/1"}],"replies":[{"embeddable":true,"href":"https:\/\/westgem.shop\/fr\/wp-json\/wp\/v2\/comments?post=288"}],"version-history":[{"count":0,"href":"https:\/\/westgem.shop\/fr\/wp-json\/wp\/v2\/posts\/288\/revisions"}],"wp:attachment":[{"href":"https:\/\/westgem.shop\/fr\/wp-json\/wp\/v2\/media?parent=288"}],"wp:term":[{"taxonomy":"category","embeddable":true,"href":"https:\/\/westgem.shop\/fr\/wp-json\/wp\/v2\/categories?post=288"},{"taxonomy":"post_tag","embeddable":true,"href":"https:\/\/westgem.shop\/fr\/wp-json\/wp\/v2\/tags?post=288"}],"curies":[{"name":"wp","href":"https:\/\/api.w.org\/{rel}","templated":true}]}}